{"id":3493,"date":"2022-07-05T18:07:16","date_gmt":"2022-07-05T16:07:16","guid":{"rendered":"https:\/\/ilerkan.org\/?p=3493"},"modified":"2022-07-20T17:58:48","modified_gmt":"2022-07-20T15:58:48","slug":"tv3-telenoticies-comarques-2","status":"publish","type":"post","link":"https:\/\/ilerkan.org\/es\/2022\/07\/05\/tv3-telenoticies-comarques-2\/","title":{"rendered":"TV3 &#8211; Telenot\u00edcies comarques"},"content":{"rendered":"\n<p>Un CAP de Lleida inicia una ter\u00e0pia amb gossos per infants que s&#8217;han de treure sang<\/p>\n\n<p><a href=\"https:\/\/www.ccma.cat\/tv3\/alacarta\/telenoticies-comarques\/un-cap-de-lleida-inicia-una-terapia-amb-gossos-per-infants-que-shan-de-treure-sang\/video\/5875606\/?fbclid=IwAR0tU-xz4Q3XfFmnjlXk260iipZNYa3lM9qGtxWwiHWKz67x56BcC1AYUpo\" target=\"_blank\" rel=\"noreferrer noopener\">M\u00e1s informaci\u00f3n<\/a><\/p>\n","protected":false},"excerpt":{"rendered":"<p>Un CAP de Lleida inicia una ter\u00e0pia amb gossos per infants que s&#8217;han de treure sang M\u00e1s informaci\u00f3n<\/p>\n","protected":false},"author":1,"featured_media":0,"comment_status":"closed","ping_status":"closed","sticky":false,"template":"","format":"standard","meta":[],"categories":[36],"tags":[],"_links":{"self":[{"href":"https:\/\/ilerkan.org\/es\/wp-json\/wp\/v2\/posts\/3493"}],"collection":[{"href":"https:\/\/ilerkan.org\/es\/wp-json\/wp\/v2\/posts"}],"about":[{"href":"https:\/\/ilerkan.org\/es\/wp-json\/wp\/v2\/types\/post"}],"author":[{"embeddable":true,"href":"https:\/\/ilerkan.org\/es\/wp-json\/wp\/v2\/users\/1"}],"replies":[{"embeddable":true,"href":"https:\/\/ilerkan.org\/es\/wp-json\/wp\/v2\/comments?post=3493"}],"version-history":[{"count":4,"href":"https:\/\/ilerkan.org\/es\/wp-json\/wp\/v2\/posts\/3493\/revisions"}],"predecessor-version":[{"id":3497,"href":"https:\/\/ilerkan.org\/es\/wp-json\/wp\/v2\/posts\/3493\/revisions\/3497"}],"wp:attachment":[{"href":"https:\/\/ilerkan.org\/es\/wp-json\/wp\/v2\/media?parent=3493"}],"wp:term":[{"taxonomy":"category","embeddable":true,"href":"https:\/\/ilerkan.org\/es\/wp-json\/wp\/v2\/categories?post=3493"},{"taxonomy":"post_tag","embeddable":true,"href":"https:\/\/ilerkan.org\/es\/wp-json\/wp\/v2\/tags?post=3493"}],"curies":[{"name":"wp","href":"https:\/\/api.w.org\/{rel}","templated":true}]}}