{"id":3498,"date":"2022-07-05T18:06:27","date_gmt":"2022-07-05T16:06:27","guid":{"rendered":"https:\/\/ilerkan.org\/?p=3498"},"modified":"2022-07-20T18:03:41","modified_gmt":"2022-07-20T16:03:41","slug":"institut-catala-de-la-salut","status":"publish","type":"post","link":"https:\/\/ilerkan.org\/es\/2022\/07\/05\/institut-catala-de-la-salut\/","title":{"rendered":"Institut Catal\u00e0 de la Salut"},"content":{"rendered":"\n<p>El CAP Bordeta-Magraners inicia una ter\u00e0pia amb gossos per a infants que s\u2019han de sotmetre a una extracci\u00f3 sangu\u00ednia o dental<\/p>\n\n<p><a href=\"http:\/\/ics.gencat.cat\/ca\/detall\/noticia\/GTLleida_AP_Terapia_amb_Gossos?fbclid=IwAR0cL82EaiuNahH86FmmMuv8aWKS67AFyNVXlzYJvVfK8bYqbxVfn55-S00\" target=\"_blank\" rel=\"noreferrer noopener\">M\u00e1s informaci\u00f3n<\/a><\/p>\n","protected":false},"excerpt":{"rendered":"<p>El CAP Bordeta-Magraners inicia una ter\u00e0pia amb gossos per a infants que s\u2019han de sotmetre a una extracci\u00f3 sangu\u00ednia o dental M\u00e1s informaci\u00f3n<\/p>\n","protected":false},"author":1,"featured_media":0,"comment_status":"closed","ping_status":"closed","sticky":false,"template":"","format":"standard","meta":[],"categories":[36],"tags":[],"_links":{"self":[{"href":"https:\/\/ilerkan.org\/es\/wp-json\/wp\/v2\/posts\/3498"}],"collection":[{"href":"https:\/\/ilerkan.org\/es\/wp-json\/wp\/v2\/posts"}],"about":[{"href":"https:\/\/ilerkan.org\/es\/wp-json\/wp\/v2\/types\/post"}],"author":[{"embeddable":true,"href":"https:\/\/ilerkan.org\/es\/wp-json\/wp\/v2\/users\/1"}],"replies":[{"embeddable":true,"href":"https:\/\/ilerkan.org\/es\/wp-json\/wp\/v2\/comments?post=3498"}],"version-history":[{"count":4,"href":"https:\/\/ilerkan.org\/es\/wp-json\/wp\/v2\/posts\/3498\/revisions"}],"predecessor-version":[{"id":3506,"href":"https:\/\/ilerkan.org\/es\/wp-json\/wp\/v2\/posts\/3498\/revisions\/3506"}],"wp:attachment":[{"href":"https:\/\/ilerkan.org\/es\/wp-json\/wp\/v2\/media?parent=3498"}],"wp:term":[{"taxonomy":"category","embeddable":true,"href":"https:\/\/ilerkan.org\/es\/wp-json\/wp\/v2\/categories?post=3498"},{"taxonomy":"post_tag","embeddable":true,"href":"https:\/\/ilerkan.org\/es\/wp-json\/wp\/v2\/tags?post=3498"}],"curies":[{"name":"wp","href":"https:\/\/api.w.org\/{rel}","templated":true}]}}