{"id":3515,"date":"2022-07-04T19:39:57","date_gmt":"2022-07-04T17:39:57","guid":{"rendered":"https:\/\/ilerkan.org\/?p=3515"},"modified":"2022-07-20T18:23:16","modified_gmt":"2022-07-20T16:23:16","slug":"taa-geriatria","status":"publish","type":"post","link":"https:\/\/ilerkan.org\/es\/2022\/07\/04\/taa-geriatria\/","title":{"rendered":"TAA Geriatria"},"content":{"rendered":"\n<p><strong>PROYECTO DE TERAPIA ASISTIDA CON ANIMALES EN POBLACI\u00d3N GERI\u00c1TRICA CON DETERIORO COGNITIVO<\/strong><\/p>\n\n<p><strong>El CAP Bordeta &#8211; Magraners realiza un programa de terapia asistida con animales para personas mayores<\/strong><\/p>\n<p><strong>La terapia asistida con animales (TAA) consiste en la participaci\u00f3n de animales en intervenciones terap\u00e9uticas con el fin de mejorar la calidad de vida de los participantes<\/strong><\/p>\n<p><strong>En una primera prueba, los resultados han sido muy positivos y demuestran que la terapia con perros resulta \u00fatil para mejorar la funci\u00f3n f\u00edsica, social, emocional y cognitiva<\/strong><\/p>\n\n<p>Profesionales del CAP Bordeta-Magraners de Lleida impulsaron una nueva herramienta para mejorar la calidad de vida de las personas mayores. La terapia asistida con animales (TAA) es una t\u00e9cnica en la que perros adiestrados act\u00faan como herramienta al servicio del terapeuta, convirti\u00e9ndose en un elemento motivador y facilitador de la terapia. Se trat\u00f3 de un estudio de investigaci\u00f3n en el que se evalu\u00f3 la efectividad de un programa de TAA en poblaci\u00f3n geri\u00e1trica, con deterioro cognitivo, determinando la variaci\u00f3n en el nivel de comunicaci\u00f3n y los cambios en la marcha y\/o equilibrio. Estos deterioros aumentan el riesgo de ca\u00eddas, consideradas como un problema de salud p\u00fablica.<\/p>\n<p>El proyecto se trataba de un ensayo cl\u00ednico en el que se evalu\u00f3 el efecto de la TAA en dos poblaciones. El primer grupo de pacientes lo formaron usuarios de dos residencias geri\u00e1tricas que pertenecen a la Fundaci\u00f3n Adesma (poblaci\u00f3n institucionalizada) y, el segundo grupo eran personas mayores que acud\u00edan a la consulta del CAP (poblaci\u00f3n no institucionalizada). Los pacientes que participaron en el estudio eran mayores de 74 a\u00f1os y con deterioro cognitivo. Para realizar la evaluaci\u00f3n del proyecto se formaron dos grupos: uno de intervenci\u00f3n (GI) donde se aplic\u00f3 el programa de TAA y un grupo control (GC) donde se realiz\u00f3 la misma terapia pero sin el animal.<\/p>\n\n<figure><img src=\"https:\/\/ilerkan.org\/wp-content\/uploads\/2014\/05\/img_2926-300x267.jpg\" alt=\"IMG_2926\" \/><\/figure>\n\n<p>Las sesiones ten\u00edan una duraci\u00f3n de 60 minutos, semanales y divididas en grupos de 6 a 8 pacientes. Constaban de una parte que buscaba potenciar la comunicaci\u00f3n y las relaciones sociales entre los miembros del grupo y otra en la que se trabajaban aspectos de fisioterapia con diferentes ejercicios y pistas para mejorar la marcha\/equilibrio. En total se realizaron 12 sesiones por grupo. Una m\u00e9dica de familia (t\u00e9cnico en TAA del CAP) y dos enfermeras fueron las encargadas de llevar a cabo este programa.<\/p>\n<p>El proyecto const\u00f3 de dos fases. La primera dur\u00f3 un a\u00f1o, inici\u00e1ndose en noviembre de 2008 y finalizando en noviembre de 2009. En cuanto a la segunda fase, \u00e9sta se inici\u00f3 en febrero de 2010 y finaliz\u00f3 en abril de 2011. Las sesiones en Barrio de los Magraners se llevaron a cabo en el Centro C\u00edvico y en cuanto al Barrio de la Bordeta se realizaron en el casal de ancianos. El CAP Bordeta-Mangraners da servicio a dos barrios de la ciudad y, por este motivo y con el fin de facilitar el acceso de los usuarios, se trabaj\u00f3 en dos locales distintos.<\/p>\n<p>Los resultados obtenidos demostraron que una vez finalizada la intervenci\u00f3n se nota una mejor\u00eda en los pacientes. Por tanto, la TAA resulta \u00fatil para mejorar la funci\u00f3n f\u00edsica, social, emocional y cognitiva de ancianos, ni\u00f1os y personas con discapacidades o riesgo de exclusi\u00f3n social<\/p>\n<p><strong>Este proyecto estuvo presentado en el Congreso de 2010 de la Fundaci\u00f3n Affinity.<\/strong><\/p>\n\n<figure>\n<iframe loading=\"lazy\" title=\"FUNDACI\u00d3N AFFINITY Congreso 2010 ABS Bordeta\" width=\"640\" height=\"360\" src=\"https:\/\/www.youtube.com\/embed\/9-hC99RAO1s?feature=oembed\" frameborder=\"0\" allow=\"accelerometer; autoplay; clipboard-write; encrypted-media; gyroscope; picture-in-picture\" allowfullscreen><\/iframe>\n<\/figure>\n\n<p>\u00a0<\/p>\n","protected":false},"excerpt":{"rendered":"<p>PROYECTO DE TERAPIA ASISTIDA CON ANIMALES EN POBLACI\u00d3N GERI\u00c1TRICA CON DETERIORO COGNITIVO El CAP Bordeta &#8211; Magraners realiza un programa de terapia asistida con animales para personas mayores La terapia asistida con animales (TAA) consiste en la participaci\u00f3n de animales en intervenciones terap\u00e9uticas con el fin de mejorar la calidad de vida de los participantes [&hellip;]<\/p>\n","protected":false},"author":1,"featured_media":0,"comment_status":"closed","ping_status":"closed","sticky":false,"template":"","format":"standard","meta":[],"categories":[36],"tags":[],"_links":{"self":[{"href":"https:\/\/ilerkan.org\/es\/wp-json\/wp\/v2\/posts\/3515"}],"collection":[{"href":"https:\/\/ilerkan.org\/es\/wp-json\/wp\/v2\/posts"}],"about":[{"href":"https:\/\/ilerkan.org\/es\/wp-json\/wp\/v2\/types\/post"}],"author":[{"embeddable":true,"href":"https:\/\/ilerkan.org\/es\/wp-json\/wp\/v2\/users\/1"}],"replies":[{"embeddable":true,"href":"https:\/\/ilerkan.org\/es\/wp-json\/wp\/v2\/comments?post=3515"}],"version-history":[{"count":4,"href":"https:\/\/ilerkan.org\/es\/wp-json\/wp\/v2\/posts\/3515\/revisions"}],"predecessor-version":[{"id":3519,"href":"https:\/\/ilerkan.org\/es\/wp-json\/wp\/v2\/posts\/3515\/revisions\/3519"}],"wp:attachment":[{"href":"https:\/\/ilerkan.org\/es\/wp-json\/wp\/v2\/media?parent=3515"}],"wp:term":[{"taxonomy":"category","embeddable":true,"href":"https:\/\/ilerkan.org\/es\/wp-json\/wp\/v2\/categories?post=3515"},{"taxonomy":"post_tag","embeddable":true,"href":"https:\/\/ilerkan.org\/es\/wp-json\/wp\/v2\/tags?post=3515"}],"curies":[{"name":"wp","href":"https:\/\/api.w.org\/{rel}","templated":true}]}}