{"id":3528,"date":"2022-07-04T19:36:15","date_gmt":"2022-07-04T17:36:15","guid":{"rendered":"https:\/\/ilerkan.org\/?p=3528"},"modified":"2022-07-20T18:36:29","modified_gmt":"2022-07-20T16:36:29","slug":"programa-animals","status":"publish","type":"post","link":"https:\/\/ilerkan.org\/es\/2022\/07\/04\/programa-animals\/","title":{"rendered":"PROGRAMA ANIMA&#8217;LS"},"content":{"rendered":"\n<figure><a href=\"\/wp-content\/uploads\/2014\/10\/logopaeria2t.jpg\"><img src=\"https:\/\/ilerkan.org\/wp-content\/uploads\/2014\/10\/logopaeria2t-300x150.jpg\" alt=\"LogoPaeria2T\"\/><\/a><\/figure>\n\n\n<p><em><strong>&nbsp; &nbsp;PROJECTE ANIMA&#8217;LS&nbsp;<\/strong><strong><a href=\"http:\/\/localhost:8000\/wp-content\/uploads\/2014\/09\/animals1.jpg\">amb el cofinan\u00e7ament de l\u2019Ajuntament de Lleida. \u201cLlegat \u00c0ngel Garrof\u00e9 Farr\u00e9 i Teresa Bergad\u00e0 Pujades\u201d<\/a><\/strong><\/em><\/p>\n\n\n<figure><img src=\"https:\/\/ilerkan.org\/wp-content\/uploads\/2014\/09\/animals1.jpg\" alt=\"ANIMA'LS\"\/><\/figure>\n\n\n<figure><a href=\"http:\/\/localhost:8000\/wp-content\/uploads\/2014\/09\/animals11.jpg\"><img src=\"https:\/\/ilerkan.org\/wp-content\/uploads\/2014\/09\/animals11.jpg\" alt=\"ANIMA'LS1\"\/><\/a><\/figure>\n\n\n<p>El Projecte Anima&#8217;ls ha sortit publicat al Diari Segre:<\/p>\n\n\n<figure><a href=\"http:\/\/localhost:8000\/wp-content\/uploads\/2014\/11\/projecte-animals.jpg\"><img src=\"https:\/\/ilerkan.org\/wp-content\/uploads\/2014\/11\/projecte-animals.jpg\" alt=\"Projecte Anima'ls\"\/><\/a><\/figure>\n","protected":false},"excerpt":{"rendered":"<p>&nbsp; &nbsp;PROJECTE ANIMA&#8217;LS&nbsp;amb el cofinan\u00e7ament de l\u2019Ajuntament de Lleida. \u201cLlegat \u00c0ngel Garrof\u00e9 Farr\u00e9 i Teresa Bergad\u00e0 Pujades\u201d El Projecte Anima&#8217;ls ha sortit publicat al Diari Segre:<\/p>\n","protected":false},"author":1,"featured_media":0,"comment_status":"closed","ping_status":"closed","sticky":false,"template":"","format":"standard","meta":[],"categories":[36],"tags":[],"_links":{"self":[{"href":"https:\/\/ilerkan.org\/es\/wp-json\/wp\/v2\/posts\/3528"}],"collection":[{"href":"https:\/\/ilerkan.org\/es\/wp-json\/wp\/v2\/posts"}],"about":[{"href":"https:\/\/ilerkan.org\/es\/wp-json\/wp\/v2\/types\/post"}],"author":[{"embeddable":true,"href":"https:\/\/ilerkan.org\/es\/wp-json\/wp\/v2\/users\/1"}],"replies":[{"embeddable":true,"href":"https:\/\/ilerkan.org\/es\/wp-json\/wp\/v2\/comments?post=3528"}],"version-history":[{"count":4,"href":"https:\/\/ilerkan.org\/es\/wp-json\/wp\/v2\/posts\/3528\/revisions"}],"predecessor-version":[{"id":3532,"href":"https:\/\/ilerkan.org\/es\/wp-json\/wp\/v2\/posts\/3528\/revisions\/3532"}],"wp:attachment":[{"href":"https:\/\/ilerkan.org\/es\/wp-json\/wp\/v2\/media?parent=3528"}],"wp:term":[{"taxonomy":"category","embeddable":true,"href":"https:\/\/ilerkan.org\/es\/wp-json\/wp\/v2\/categories?post=3528"},{"taxonomy":"post_tag","embeddable":true,"href":"https:\/\/ilerkan.org\/es\/wp-json\/wp\/v2\/tags?post=3528"}],"curies":[{"name":"wp","href":"https:\/\/api.w.org\/{rel}","templated":true}]}}