{"id":3550,"date":"2022-07-04T19:15:21","date_gmt":"2022-07-04T17:15:21","guid":{"rendered":"https:\/\/ilerkan.org\/?p=3550"},"modified":"2022-07-20T18:46:53","modified_gmt":"2022-07-20T16:46:53","slug":"aspamis","status":"publish","type":"post","link":"https:\/\/ilerkan.org\/es\/2022\/07\/04\/aspamis\/","title":{"rendered":"ASPAMIS"},"content":{"rendered":"\n<p>Desde el a\u00f1o 2010 estamos realizando un proyecto de IAA en los 3 Centros de la Fundaci\u00f3n ASPAMIS.<\/p>\n\n\n\n<p>La Fundaci\u00f3n ASPAMIS acoge en r\u00e9gimen de servicio residencial a personas con disminuci\u00f3n ps\u00edquica gravemente afectadas. Por sus caracter\u00edsticas los usuarios requieren un nivel de soporte generalizado, hecho que se traduce en una dependencia a lo largo de su vida.<\/p>\n\n\n\n<p>Para establecer un poco el marco te\u00f3rico de nuestra labor, diremos que ASPAMIS, partiendo de las caracter\u00edsticas generales de los usuarios concibe la naturaleza multidimensional del retraso mental. Este concepto \u201cMULTIDIMENSIONAL\u201d evidencia que el retraso mental no es tan solo una variable intr\u00ednseca al usuario, sino que depende de otros factores como el contexto y los soportes que recibe.<\/p>\n\n\n\n<p>En este sentido, ASPAMIS intenta satisfacer las dimensiones de bienestar material y emocional, desarrollo personal y relaciones interpersonales, autodeterminaci\u00f3n, derechos, bienestar f\u00edsico e inclusi\u00f3n social de cada usuario en los diferentes \u00e1mbitos establecidos&nbsp; en su Programa de Atenci\u00f3n Individualizada.<\/p>\n\n\n\n<p>ASPAMIS la constituyen tres centros: El Pilar (en Vencill\u00f3n), Ginesta (en Torrefarrera) y La Immaculada (Alcoletge). Donde se asiste a personas que&nbsp; presentan pluridiscapacidades, lo que significa que adem\u00e1s de la discapacidad&nbsp; intelectual, pueden presentar asociado, un trastorno de conducta, un d\u00e9ficit sensorial, un d\u00e9ficit motriz,&nbsp; lo que los hace dependientes durante toda su vida.<\/p>\n\n\n\n<p>El proyecto de IAA consta de unos objetivos generales a nivel f\u00edsico, cognitivo y de comunicaci\u00f3n; y unos objetivos individuales para cada usuario. Se realizan sesiones semanales, que son tanto grupales como individuales en funci\u00f3n de las necesidades de los usuarios; en cada sesi\u00f3n se trabaja objetivos espec\u00edficos, est\u00e1n predefinidas y consensuadas por los diferentes profesionales del equipo. En las sesiones intervienen un psic\u00f3logo y\/o fisioterapeuta de cada centro y una t\u00e9cnico en IAA.<\/p>\n\n\n<div class=\"wp-block-image\">\n<figure class=\"aligncenter\"><img loading=\"lazy\" width=\"300\" height=\"225\" src=\"https:\/\/ilerkan.org\/wp-content\/uploads\/2014\/09\/la-foto-2-300x225.jpg\" alt=\"la foto (2)\" class=\"wp-image-502\" srcset=\"https:\/\/ilerkan.org\/wp-content\/uploads\/2014\/09\/la-foto-2-300x225.jpg 300w, https:\/\/ilerkan.org\/wp-content\/uploads\/2014\/09\/la-foto-2-1024x768.jpg 1024w, https:\/\/ilerkan.org\/wp-content\/uploads\/2014\/09\/la-foto-2-768x576.jpg 768w, https:\/\/ilerkan.org\/wp-content\/uploads\/2014\/09\/la-foto-2-1536x1152.jpg 1536w, https:\/\/ilerkan.org\/wp-content\/uploads\/2014\/09\/la-foto-2-2048x1536.jpg 2048w\" sizes=\"(max-width: 300px) 100vw, 300px\" \/><\/figure><\/div>\n\n\n<p>La evoluci\u00f3n a lo largo de las sesiones ha sido favorable y satisfactoria, aumentando sobretodo la motivaci\u00f3n, la intencionalidad, la alegr\u00eda y el mantenimiento de la atenci\u00f3n. Esto conlleva una mejora en los problemas de conducta de los usuarios, consiguiendo una reducci\u00f3n en las auto-agresiones y conductas disruptivas y repetitivas (estereotipias y rituales).<\/p>\n\n\n<div class=\"wp-block-image\">\n<figure class=\"aligncenter\"><img loading=\"lazy\" width=\"300\" height=\"252\" src=\"https:\/\/ilerkan.org\/wp-content\/uploads\/2014\/06\/trevollogo-300x252.jpg\" alt=\"Trevollogo\" class=\"wp-image-485\" srcset=\"https:\/\/ilerkan.org\/wp-content\/uploads\/2014\/06\/trevollogo-300x252.jpg 300w, https:\/\/ilerkan.org\/wp-content\/uploads\/2014\/06\/trevollogo-1024x859.jpg 1024w, https:\/\/ilerkan.org\/wp-content\/uploads\/2014\/06\/trevollogo-768x644.jpg 768w, https:\/\/ilerkan.org\/wp-content\/uploads\/2014\/06\/trevollogo-1536x1288.jpg 1536w, https:\/\/ilerkan.org\/wp-content\/uploads\/2014\/06\/trevollogo-2048x1717.jpg 2048w\" sizes=\"(max-width: 300px) 100vw, 300px\" \/><\/figure><\/div>\n\n<div class=\"wp-block-image\">\n<figure class=\"aligncenter\"><img loading=\"lazy\" width=\"300\" height=\"210\" src=\"https:\/\/ilerkan.org\/wp-content\/uploads\/2014\/06\/trevolets-i-cavaliers-300x210.jpg\" alt=\"SAMSUNG\" class=\"wp-image-484\" srcset=\"https:\/\/ilerkan.org\/wp-content\/uploads\/2014\/06\/trevolets-i-cavaliers-300x210.jpg 300w, https:\/\/ilerkan.org\/wp-content\/uploads\/2014\/06\/trevolets-i-cavaliers-1024x718.jpg 1024w, https:\/\/ilerkan.org\/wp-content\/uploads\/2014\/06\/trevolets-i-cavaliers-768x539.jpg 768w, https:\/\/ilerkan.org\/wp-content\/uploads\/2014\/06\/trevolets-i-cavaliers-1536x1077.jpg 1536w, https:\/\/ilerkan.org\/wp-content\/uploads\/2014\/06\/trevolets-i-cavaliers-2048x1437.jpg 2048w\" sizes=\"(max-width: 300px) 100vw, 300px\" \/><\/figure><\/div>\n\n\n<p>A nivel social, todos se benefician del hecho de tener una actividad programada de forma regular. Adem\u00e1s, el hecho de que sea una actividad en la que se puede modular el nivel de dificultad, permite que la ejecuci\u00f3n de los residentes sea positiva, por muy grandes que sean sus limitaciones, cosa que nos permite mejorar la autoestima y el autoconcepto. Influyendo positivamente en el estado de \u00e1nimo de los residentes.<\/p>\n\n\n\n<p>Adem\u00e1s de sentirse de alguna forma especiales por el valor a\u00f1adido de la relaci\u00f3n afectiva que establecen con el animal.<\/p>\n\n\n\n<p>La TAA se trata de una actividad deseada y esperada por los usuarios, donde los conocimientos adquiridos se extrapolan a las actividades de la vida diaria.<\/p>\n\n\n\n<p>Ven a Tr\u00e9vol como un amigo, un compa\u00f1ero de juegos donde nosotros, los profesionales, aprovechamos para que sin que ellos se den cuenta mejore su calidad de vida; ya que un nivel emocional sano fomenta las habilidades sociales, las cuales facilitan la comunicaci\u00f3n y la salud en general.<\/p>\n\n\n\n<p><strong>PROJECCI\u00d3 EXTERNA DEL PROJECTE ASPAMIS:<\/strong><\/p>\n\n\n\n<p>Al llarg d\u2019aquests 4 anys de projecte i juntament amb els professionals d\u2019ASPAMIS, hem presentat els resultats obtinguts en Jornades i Congressos tant d\u2019IAA com de Medicina:<\/p>\n\n\n\n<ul><li>\u201cIV Jornadas T\u00e9cnicas Interacciones Terap\u00e9uticas y Educativas con Animales\u201d, Salou maig 2011. Amb la pon\u00e8ncia: \u201cAplicaci\u00f3n de un programa de TAA en personas con discapacidad intelectual: Proyecto Aspamis\u201d.<\/li><li>VII Congr\u00e9s de Salut Mental i Atenci\u00f3 Prim\u00e0ria (Camfic). Lleida, abril 2012.<\/li><li>I Congr\u00e9s Internacional de Professionals de la Salut en Intervencions Assistides amb Animals i Gossos d\u2019Alerta M\u00e8dica. Lleida, mar\u00e7 2013:<\/li><li>\u201cTerapia asistida con animales en personas adultas con trastorno espectro autista\u201d.<\/li><li>\u00bfInterfiere la m\u00fasica en las sesiones de terapia asistida con animales?<\/li><li>\u201cEstimulaci\u00f3n cognitiva y emocional mediante terapia asistida con animales en personas con discapacidad intelectual\u201d.<\/li><\/ul>\n\n\n<div class=\"wp-block-image\">\n<figure class=\"aligncenter\"><img loading=\"lazy\" width=\"230\" height=\"140\" src=\"https:\/\/ilerkan.org\/wp-content\/uploads\/2014\/04\/logo-aspamis.jpg\" alt=\"LOGO ASPAMIS\" class=\"wp-image-316\"\/><\/figure><\/div>\n\n<div class=\"wp-block-image\">\n<figure class=\"aligncenter\"><a href=\"\/wp-content\/uploads\/2014\/06\/posteraspamis.jpg\"><img loading=\"lazy\" width=\"440\" height=\"587\" src=\"https:\/\/ilerkan.org\/wp-content\/uploads\/2014\/06\/posteraspamis.jpg\" alt=\"posterASPAMIS\" class=\"wp-image-479\" srcset=\"https:\/\/ilerkan.org\/wp-content\/uploads\/2014\/06\/posteraspamis.jpg 440w, https:\/\/ilerkan.org\/wp-content\/uploads\/2014\/06\/posteraspamis-225x300.jpg 225w\" sizes=\"(max-width: 440px) 100vw, 440px\" \/><\/a><\/figure><\/div>","protected":false},"excerpt":{"rendered":"<p>Desde el a\u00f1o 2010 estamos realizando un proyecto de IAA en los 3 Centros de la Fundaci\u00f3n ASPAMIS. La Fundaci\u00f3n ASPAMIS acoge en r\u00e9gimen de servicio residencial a personas con disminuci\u00f3n ps\u00edquica gravemente afectadas. Por sus caracter\u00edsticas los usuarios requieren un nivel de soporte generalizado, hecho que se traduce en una dependencia a lo largo [&hellip;]<\/p>\n","protected":false},"author":1,"featured_media":0,"comment_status":"closed","ping_status":"closed","sticky":false,"template":"","format":"standard","meta":[],"categories":[36],"tags":[],"_links":{"self":[{"href":"https:\/\/ilerkan.org\/es\/wp-json\/wp\/v2\/posts\/3550"}],"collection":[{"href":"https:\/\/ilerkan.org\/es\/wp-json\/wp\/v2\/posts"}],"about":[{"href":"https:\/\/ilerkan.org\/es\/wp-json\/wp\/v2\/types\/post"}],"author":[{"embeddable":true,"href":"https:\/\/ilerkan.org\/es\/wp-json\/wp\/v2\/users\/1"}],"replies":[{"embeddable":true,"href":"https:\/\/ilerkan.org\/es\/wp-json\/wp\/v2\/comments?post=3550"}],"version-history":[{"count":1,"href":"https:\/\/ilerkan.org\/es\/wp-json\/wp\/v2\/posts\/3550\/revisions"}],"predecessor-version":[{"id":3551,"href":"https:\/\/ilerkan.org\/es\/wp-json\/wp\/v2\/posts\/3550\/revisions\/3551"}],"wp:attachment":[{"href":"https:\/\/ilerkan.org\/es\/wp-json\/wp\/v2\/media?parent=3550"}],"wp:term":[{"taxonomy":"category","embeddable":true,"href":"https:\/\/ilerkan.org\/es\/wp-json\/wp\/v2\/categories?post=3550"},{"taxonomy":"post_tag","embeddable":true,"href":"https:\/\/ilerkan.org\/es\/wp-json\/wp\/v2\/tags?post=3550"}],"curies":[{"name":"wp","href":"https:\/\/api.w.org\/{rel}","templated":true}]}}